{"id":9929,"date":"2021-08-22T07:30:56","date_gmt":"2021-08-22T05:30:56","guid":{"rendered":"https:\/\/carnetpsy.fr\/la-voix-du-politique-2\/"},"modified":"2021-08-22T07:30:56","modified_gmt":"2021-08-22T05:30:56","slug":"la-voix-du-politique","status":"publish","type":"post","link":"https:\/\/cp.1642.studio\/gj118060-ovh\/la-voix-du-politique\/","title":{"rendered":"La voix du politique"},"content":{"rendered":"<p>La bien nomm\u00e9e voix, celle que l\u2019on accorde au candidat, symbolis\u00e9e par un bulletin gliss\u00e9 dans l\u2019urne, fait \u00e9cho \u00e0 une autre voix, celle de la parole donn\u00e9e, engageant publiquement son auteur : la personnalit\u00e9 politique. Une voix s\u2019accordant \u00e0 une autre, un pacte en somme, dont l\u2019un des deux signataires, le votant, s\u2019empressera apr\u00e8s-coup de d\u00e9noncer les accrocs et les d\u00e9faillances. <\/p>\n<p>Lacan nous a appris que l\u2019inconscient est structur\u00e9 comme un discours. Or le discours, prononc\u00e9 par la voix du politique, en est le mode d\u2019expression par excellence et l\u2019on comprend pourquoi \u00e0 ses attendus la psychanalyse pr\u00e9f\u00e8rera ses inattendus, ses tr\u00e9buchements, en somme tout ce qui indique l\u2019\u00e9mergence du d\u00e9sir inconscient, lequel ne se signale jamais aussi clairement que dans l\u2019accidentel. Le discours est \u00e0 ce point ph\u00e9nom\u00e8ne de langage, sujet aux \u00e9quivoques et aux errances, que l\u2019on ne manquera pas de faire reproche aux politiques de leurs mensonges, de leurs manquements, de leurs silences\u2026 voire de leur double discours ! <br \/>\nMais ce sont surtout de leurs lapsus que la presse s\u2019emparera et les plus f\u00e9roces d\u00e9tracteurs de la psychanalyse eux-m\u00eames se feront avec jubilation interpr\u00e8tes des intentions inconscientes de la personnalit\u00e9 politique \u00e0 qui ces lapsus auront \u00e9chapp\u00e9.<\/p>\n<p>L\u2019aveuglement typique d\u00fb \u00e0 l\u2019amour de transfert, moteur de la cure psychanalytique, se manifeste \u00e9videmment dans la confiance accord\u00e9e \u00e0 un candidat : cette notion de transfert est li\u00e9e chez Lacan \u00e0 l\u2019hypoth\u00e8se d\u2019un sujet suppos\u00e9 savoir : ce savoir suppos\u00e9, l\u2019homme politique en est \u00e9galement investi par ses partisans, \u00e0 ceci pr\u00e8s que, contrairement \u00e0 l\u2019analyste dont la neutralit\u00e9 et le silence peuvent permettre de maintenir cette illusion, les discours et les actes du politique, ainsi que sa pr\u00e9tendue \u00ab transparence \u00bb, l\u2019exposent \u00e0 d\u00e9cevoir tr\u00e8s vite cette hypoth\u00e8se. <\/p>\n<div class=\"pdfprnt-buttons pdfprnt-buttons-post pdfprnt-bottom-right\"><a href=\"https:\/\/cp.1642.studio\/gj118060-ovh\/wp-json\/wp\/v2\/posts\/9929?print=pdf\" class=\"pdfprnt-button pdfprnt-button-pdf\" target=\"_blank\"><\/a><\/div>","protected":false},"excerpt":{"rendered":"<p>La bien nomm\u00e9e voix, celle que l\u2019on accorde au candidat, symbolis\u00e9e par un bulletin gliss\u00e9 dans l\u2019urne, fait \u00e9cho \u00e0 une autre voix, celle de la parole donn\u00e9e, engageant publiquement son auteur : la personnalit\u00e9 politique. Une voix s\u2019accordant \u00e0&#8230;<\/p>\n","protected":false},"author":2,"featured_media":0,"comment_status":"open","ping_status":"open","sticky":false,"template":"","format":"standard","meta":{"footnotes":""},"rubrique":[],"thematique":[],"auteur":[1365],"dossier":[],"mode":[61],"revue":[853],"type_article":[661],"check":[],"class_list":["post-9929","post","type-post","status-publish","format-standard","hentry","auteur-philippe-gutton","mode-gratuit","revue-853","type_article-editoriaux"],"acf":[],"_links":{"self":[{"href":"https:\/\/cp.1642.studio\/gj118060-ovh\/wp-json\/wp\/v2\/posts\/9929","targetHints":{"allow":["GET"]}}],"collection":[{"href":"https:\/\/cp.1642.studio\/gj118060-ovh\/wp-json\/wp\/v2\/posts"}],"about":[{"href":"https:\/\/cp.1642.studio\/gj118060-ovh\/wp-json\/wp\/v2\/types\/post"}],"author":[{"embeddable":true,"href":"https:\/\/cp.1642.studio\/gj118060-ovh\/wp-json\/wp\/v2\/users\/2"}],"replies":[{"embeddable":true,"href":"https:\/\/cp.1642.studio\/gj118060-ovh\/wp-json\/wp\/v2\/comments?post=9929"}],"version-history":[{"count":0,"href":"https:\/\/cp.1642.studio\/gj118060-ovh\/wp-json\/wp\/v2\/posts\/9929\/revisions"}],"wp:attachment":[{"href":"https:\/\/cp.1642.studio\/gj118060-ovh\/wp-json\/wp\/v2\/media?parent=9929"}],"wp:term":[{"taxonomy":"rubrique","embeddable":true,"href":"https:\/\/cp.1642.studio\/gj118060-ovh\/wp-json\/wp\/v2\/rubrique?post=9929"},{"taxonomy":"thematique","embeddable":true,"href":"https:\/\/cp.1642.studio\/gj118060-ovh\/wp-json\/wp\/v2\/thematique?post=9929"},{"taxonomy":"auteur","embeddable":true,"href":"https:\/\/cp.1642.studio\/gj118060-ovh\/wp-json\/wp\/v2\/auteur?post=9929"},{"taxonomy":"dossier","embeddable":true,"href":"https:\/\/cp.1642.studio\/gj118060-ovh\/wp-json\/wp\/v2\/dossier?post=9929"},{"taxonomy":"mode","embeddable":true,"href":"https:\/\/cp.1642.studio\/gj118060-ovh\/wp-json\/wp\/v2\/mode?post=9929"},{"taxonomy":"revue","embeddable":true,"href":"https:\/\/cp.1642.studio\/gj118060-ovh\/wp-json\/wp\/v2\/revue?post=9929"},{"taxonomy":"type_article","embeddable":true,"href":"https:\/\/cp.1642.studio\/gj118060-ovh\/wp-json\/wp\/v2\/type_article?post=9929"},{"taxonomy":"check","embeddable":true,"href":"https:\/\/cp.1642.studio\/gj118060-ovh\/wp-json\/wp\/v2\/check?post=9929"}],"curies":[{"name":"wp","href":"https:\/\/api.w.org\/{rel}","templated":true}]}}