{"id":10614,"date":"2021-08-22T07:32:25","date_gmt":"2021-08-22T05:32:25","guid":{"rendered":"https:\/\/carnetpsy.fr\/question-de-separation-en-psychotherapie-psychanalytique-corporelle-2\/"},"modified":"2021-09-15T18:57:23","modified_gmt":"2021-09-15T16:57:23","slug":"question-de-separation-en-psychotherapie-psychanalytique-corporelle","status":"publish","type":"post","link":"http:\/\/cp.1642.studio\/gj118060-ovh\/question-de-separation-en-psychotherapie-psychanalytique-corporelle\/","title":{"rendered":"Question de s\u00e9paration en Psychoth\u00e9rapie Psychanalytique Corporelle"},"content":{"rendered":"\n<h2 class=\"wp-block-heading\">La rencontre<\/h2>\n\n\n\n<p>Je re\u00e7ois Eve pour la premi\u00e8re fois pour poursuivre un travail de Psychoth\u00e9rapie Psychanalytique Corporelle qu\u2019elle faisait depuis cinq ans avec sa psychanalyste partie \u00e0 la retraite&nbsp;; je suis inqui\u00e8te car les pr\u00e9c\u00e9dents changements l\u2019ont amen\u00e9e \u00e0 \u00eatre hospitalis\u00e9e. Lors de notre premier entretien en face-\u00e0-face, Eve qui a plus de 40&nbsp;ans, a du mal \u00e0 s\u2019exprimer, elle semble mal \u00e0 l\u2019aise, et me regarde peu. Elle va cependant me donner beaucoup d\u2019\u00e9l\u00e9ments de son anamn\u00e8se compliqu\u00e9e.<\/p>\n\n\n\n<p>Eve poursuit avec le nom des diff\u00e9rents psychiatres et psychanalystes qui se sont occup\u00e9s d\u2019elle, depuis sa premi\u00e8re tentative de suicide autour de ses 20&nbsp;ans. Elle insiste&nbsp;: \u00ab&nbsp;depuis 30&nbsp;ans je suis des soins psychiatriques&nbsp;\u00bb. Cette r\u00e9f\u00e9rence \u00e0 la temporalit\u00e9 sera souvent soulev\u00e9e, accompagn\u00e9e de col\u00e8re contre sa m\u00e8re ou de gratitude vis-\u00e0-vis des soignants. Puis elle \u00e9voque Steeve, son compagnon depuis 10&nbsp;ans qui lui apporte beaucoup de stabilit\u00e9.<\/p>\n\n\n\n<p>Ses silences, sa posture inconfortable et sa difficult\u00e9 \u00e0 \u00eatre dans le contact visuel me confirment que l\u2019am\u00e9nagement technique de la Psychoth\u00e9rapie Psychanalytique Corporelle qui lui a \u00e9t\u00e9 propos\u00e9 l\u2019aide \u00e0 mieux appr\u00e9hender son fonctionnement psychique. Ce dispositif lui permet de passer par ses ressentis corporels dans la relation transf\u00e9rentielle avec le th\u00e9rapeute, d\u2019\u00e9prouver le contact avec le divan. Ce qui lui donne la possibilit\u00e9 de s\u2019\u00e9tayer sur mon regard, qu\u2019elle pourra croiser quand elle le choisira.<\/p>\n\n\n\n<p>L\u2019\u00e9vocation du pass\u00e9 est douloureuse. Eve me pr\u00e9vient, me donne le rythme, comme pour s\u2019assurer que je ne la brusquerai pas comme elle l\u2019a \u00e9t\u00e9 par les femmes de sa vie. Emouvante, elle conclut notre rencontre&nbsp;: \u00ab&nbsp;je vais vous parler hom\u00e9opathiquement, par petit peu.&nbsp;\u00bb. Par cette phrase, elle indique la fragmentation n\u00e9cessaire de l\u2019excitation, fractionnement en petites quantit\u00e9s de l\u2019excitation que nous exer\u00e7ons sur nos patients par le fait m\u00eame de notre pr\u00e9sence dans leur champ perceptif<sup>2<\/sup>.<\/p>\n\n\n\n<h2 class=\"wp-block-heading\">1 \u2013 Premi\u00e8re s\u00e9ance sur le divan&nbsp;: \u00e9tablissement du transfert gr\u00e2ce au dispositif de la Psychoth\u00e9rapie Psychanalytique Corporelle (PPC)<\/h2>\n\n\n\n<p>Eve s\u2019allonge.<\/p>\n\n\n\n<p>Moi&nbsp;: \u00ab&nbsp;<em>comment vous sentez-vous&nbsp;?<\/em>&nbsp;\u00bb<\/p>\n\n\n\n<p>Eve&nbsp;: \u00ab&nbsp;<em>Bien<\/em>&nbsp;\u00bb<\/p>\n\n\n\n<p>Je ne sais pas si Eve comprend que je questionne ses ressentis corporels.<\/p>\n\n\n\n<p>Je pr\u00e9cise&nbsp;: \u00ab&nbsp;<em>Sentez-vous vos appuis sur le divan&nbsp;?<\/em>&nbsp;\u00bb Un de ses bras n\u2019est pas pos\u00e9, elle se touche le front comme pour se sentir, se soutenir. Elle gardera cette posture pendant presque un an et seulement l\u00e0, elle allongera ses deux bras sur le divan, et commencera \u00e0 y poser les deux mains. Comme si une confiance plus solide pouvait s\u2019installer. Il ne s\u2019agit pas d\u2019intervenir sur le comportement, le th\u00e9rapeute ressent pour lui le c\u00f4t\u00e9 d\u00e9fensif de la relation d\u2019objet mal assur\u00e9e et ne le communique pas au patient.<\/p>\n\n\n\n<p>Moi&nbsp;: \u00ab&nbsp;<em>Vous pensez \u00e0 quoi, avez-vous une image en t\u00eate&nbsp;?<\/em>&nbsp;\u00bb<\/p>\n\n\n\n<p>Eve&nbsp;: \u00ab&nbsp;<em>J\u2019ai quelque chose d\u2019important \u00e0 vous dire&nbsp;: avant je me scarifiais, puis j\u2019ai arr\u00eat\u00e9 et une semaine avant le d\u00e9part de Mme A, j\u2019ai commenc\u00e9 \u00e0 me gratter les jambes et \u00e7a s\u2019infecte.<\/em>&nbsp;\u00bb<\/p>\n\n\n\n<p>Moi&nbsp;: \u00ab&nbsp;<em>Comment cela a commenc\u00e9&nbsp;?<\/em>&nbsp;\u00bb<\/p>\n\n\n\n<p>Eve&nbsp;: \u00ab&nbsp;<em>J\u2019avais peur quand Mme A est partie, de ce qu\u2019elle allait me donner\u2026 En fait c\u2019est vous mon cadeau<\/em>&nbsp;\u00bb\u2026 silence<\/p>\n\n\n\n<p>Eve met en \u00e9vidence le transfert maternel \u00e0 l\u2019\u00e9gard de sa pr\u00e9c\u00e9dente th\u00e9rapeute.<\/p>\n\n\n\n<p>Moi&nbsp;: \u00ab&nbsp;<em>Et maintenant que ressentez-vous dans votre corps&nbsp;?<\/em>&nbsp;\u00bb<\/p>\n\n\n\n<p>Eve&nbsp;: \u00ab&nbsp;<em>\u00c7a va.<\/em>&nbsp;\u00bb<\/p>\n\n\n\n<p>Je me questionnerai souvent sur le sens de ce \u00ab&nbsp;<em>\u00e7a va&nbsp;\u00bb<\/em>, mais alors m\u00eame que la r\u00e9ponse ne donne pas de r\u00e9elles informations sur ce que Eve ressent dans son corps, il semble que ma question sur ses ressentis lui permette de lib\u00e9rer sa parole. On voit l\u00e0, comment \u00e0 partir du ressenti sur le divan, le langage retrouve pour elle une valeur de m\u00e9diation.<\/p>\n\n\n\n<p>Eve reprend&nbsp;: \u00ab&nbsp;<em>Il faut que vous sachiez, tout \u00e9tait pr\u00e9vu. Ma m\u00e8re m\u2019a donn\u00e9 \u00e0 ma grand-m\u00e8re, puis j\u2019ai chang\u00e9 de nom trois fois&nbsp;: celui de mon p\u00e8re, celui de ma grand-m\u00e8re et celui de l\u2019amant de ma grand-m\u00e8re, puis j\u2019ai retrouv\u00e9 le nom de mon p\u00e8re. Ma grand-m\u00e8re a falsifi\u00e9 les papiers. Ma grand-m\u00e8re n\u2019a pas \u00e9t\u00e9 tr\u00e8s bien avec moi\u2026<\/em>&nbsp;\u00bb<\/p>\n\n\n\n<p>Je mesure combien les ann\u00e9es de th\u00e9rapies pass\u00e9es ont permis \u00e0 cette femme d\u2019analyser finement son fonctionnement psychique et je suis surprise par le contraste entre la pauvret\u00e9 du discours lorsqu\u2019elle est assise en face-\u00e0-face, et la fluidit\u00e9 de sa pens\u00e9e quand elle est sur le divan. Eve semble avoir mieux support\u00e9 la s\u00e9paration d\u2019avec sa th\u00e9rapeute que les fois pr\u00e9c\u00e9dentes o\u00f9 elle avait du \u00eatre hospitalis\u00e9e. Nous pouvons faire l\u2019hypoth\u00e8se que le dispositif avec la constance du divan qu\u2019elle a pu retrouver a permis d\u2019\u00e9viter cet effondrement m\u00e9lancolique. Le portage par le divan joue un r\u00f4le fondamental pour ces patients, un rep\u00e8re, un \u00e9l\u00e9ment de stabilit\u00e9 et certainement des bras qui ne l\u2019ayant pas l\u00e2ch\u00e9e, eux, ont facilit\u00e9 l\u2019installation d\u2019un transfert positif (transfert de base&nbsp;?). Ainsi est assur\u00e9e une continuit\u00e9 dans le portage malgr\u00e9 le changement de th\u00e9rapeute.<\/p>\n\n\n\n<p>En fin de s\u00e9ance, Eve est en difficult\u00e9, je sens que je dois l\u2019aider \u00e0 se relever, sa corpulence rend les mouvements difficiles. Je tends mon bras pour qu\u2019elle prenne appui apr\u00e8s lui avoir demand\u00e9 si elle souhaitait le faire. Elle semble un peu d\u00e9sorient\u00e9e, sa t\u00eate tourne. Je me rassois, je l\u2019invite \u00e0 essayer de tendre ses bras pour r\u00e9cup\u00e9rer du tonus et \u00e0 se concentrer sur sa respiration jusqu\u2019\u00e0 se sentir pr\u00eate \u00e0 se relever. Je m\u2019interroge sur le sens de cet <em>acting<\/em>, peut-\u00eatre ai-je voulu l\u2019aider \u00e0 \u00ab&nbsp;se relever&nbsp;\u00bb d\u2019un possible effondrement m\u00e9lancolique, l\u2019aider \u00e0 exercer sa pulsion d\u2019emprise sur l\u2019objet, la sortant de sa passivit\u00e9. Monique Dechaud-Ferbus th\u00e9orise l\u2019importance de l\u2019utilisation de la tension corporelle dans la cure&nbsp;: elle permet au patient d\u2019\u00eatre actif dans la relation, d\u2019utiliser son corps comme d\u00e9fense contre le risque de d\u00e9personnalisation. Elle \u00e9crit&nbsp;: \u00ab&nbsp;de cette fa\u00e7on, l\u2019analyste accompagne l\u2019emprise&nbsp;\u00bb<sup>3<\/sup>.<\/p>\n\n\n\n<p>Je lui propose donc ainsi un \u00e9tayage corporel. Puis au moment de se mettre debout, elle t\u00e2tonne un peu avec sa main et trouve le bras du fauteuil pr\u00e8s du divan pour r\u00e9ussir \u00e0 se relever. Dans l\u2019apr\u00e8s-coup, je me suis \u00e0 nouveau questionn\u00e9e sur le fait de lui avoir tendu le bras, j\u2019ai craint un instant que cela ait pu \u00eatre pris comme une s\u00e9duction. Mais il s\u2019agit l\u00e0 d\u2019une s\u00e9duction non g\u00e9nitalis\u00e9e, la s\u00e9duction originaire de la m\u00e8re qui permet de constituer le sentiment d\u2019existence, une s\u00e9duction fondatrice au sens de Laplanche. D\u2019ailleurs, Eve trouvera seule ensuite un appui solide pour se mettre debout. Pour ces patients, il y a une n\u00e9cessit\u00e9 pour le th\u00e9rapeute de se pr\u00e9senter comme un objet secourable \u00ab&nbsp;en personne&nbsp;\u00bb.<\/p>\n\n\n\n<h2 class=\"wp-block-heading\">2 \u2013 Se s\u00e9parer pour les vacances ou pour toujours. Besoin de s\u2019appuyer sur la r\u00e9alit\u00e9 du corps de l\u2019autre pour se fabriquer des repr\u00e9sentations<\/h2>\n\n\n\n<p>Les s\u00e9parations sont un moment extr\u00eamement difficile \u00e0 g\u00e9rer pour Eve&nbsp;; et le contexte de notre rencontre suite \u00e0 la s\u00e9paration d\u2019avec Madame A, puis les diff\u00e9rentes ruptures lors des vacances vont mettre r\u00e9guli\u00e8rement la patiente \u00e0 l\u2019\u00e9preuve de cette probl\u00e9matique. Mais elle a beaucoup de mal \u00e0 \u00e9laborer sa souffrance dans ces moments autant que son agressivit\u00e9.<\/p>\n\n\n\n<p>Eve&nbsp;: \u00ab&nbsp;<em>j\u2019aimais pas trop quand ma m\u00e8re venait car je ne savais jamais quand elle reviendrait.<\/em>&nbsp;\u00bb<\/p>\n\n\n\n<p>Moi&nbsp;: \u00ab&nbsp;<em>Est-ce que nous pourrions faire un lien avec votre peur face \u00e0 nos s\u00e9parations pour les vacances&nbsp;?<\/em>&nbsp;\u00bb.<\/p>\n\n\n\n<p>Eve&nbsp;: \u00ab&nbsp;<em>Oui, et aussi avec mon p\u00e8re mort brutalement d\u2019une crise cardiaque. Je ne l\u2019ai plus revu<\/em>&nbsp;\u00bb.<\/p>\n\n\n\n<p>Eve aborde l\u00e0 les s\u00e9parations traumatiques de son enfance&nbsp;: soutenue par le dispositif, mes \u00e9tayages verbaux et mon regard, elle peut \u00e9voquer ses drames sans s\u2019effondrer. Elle r\u00e9ussit \u00e0 associer, faire des liens, alors qu\u2019au t\u00e9l\u00e9phone comme assise en face-\u00e0-face, elle cherche ses mots, et ne parvient pas \u00e0 avoir un discours fluide.<\/p>\n\n\n\n<p>Elle poursuit&nbsp;:<\/p>\n\n\n\n<p>\u00ab&nbsp;<em>Et il y a aussi Sidonie, mon aide m\u00e9nag\u00e8re, elle est \u00e0 l\u2019h\u00f4pital et du jour au lendemain, elle a cess\u00e9 de venir. Au d\u00e9but, cela se passait mal avec Steeve<\/em>&nbsp;\u00bb.<\/p>\n\n\n\n<p>Moi&nbsp;: \u00ab&nbsp;<em>pardon, je n\u2019ai pas bien compris au sujet de Steeve<\/em>&nbsp;\u00bb.<\/p>\n\n\n\n<p>Eve&nbsp;: \u00ab&nbsp;<em>Chaque fois qu\u2019il partait, j\u2019avais peur qu\u2019il disparaisse, qu\u2019il lui arrive quelque chose. Je ne pouvais pas lui dire, car j\u2019imaginais pas des choses bien pour lui\u2026 Le plus beau mot d\u2019amour qu\u2019il m\u2019ait dit&nbsp;: c\u2019est \u201c\u00c0 demain\u201d<\/em>&nbsp;\u00bb.<\/p>\n\n\n\n<p>Moi&nbsp;: (je suis assez \u00e9mue) \u00ab&nbsp;<em>C\u2019est joli, parce qu\u2019il vous dit qu\u2019il sera l\u00e0 m\u00eame si vous vous s\u00e9parez.<\/em>&nbsp;\u00bb<\/p>\n\n\n\n<p>Eve&nbsp;: \u00ab&nbsp;<em>Je suis all\u00e9e chez la p\u00e9dicure, mes pieds vont mieux. Elle m\u2019a remis sur pied. Et mon diab\u00e8te a baiss\u00e9\u2026 Je parle beaucoup aujourd\u2019hui<\/em>&nbsp;\u00bb.<\/p>\n\n\n\n<p>Eve sourit de son jeu de mots en me regardant. J\u2019observe comment la prise en compte de la s\u00e9paration qui maintient le lien interne permet de passer sur un autre registre, celui de la m\u00e9taphore.<\/p>\n\n\n\n<p>C\u2019est au milieu de cette premi\u00e8re ann\u00e9e de traitement \u00e0 l\u2019occasion d\u2019un probl\u00e8me m\u00e9dical qui m\u2019oblige \u00e0 annuler la s\u00e9ance \u00e0 la derni\u00e8re minute, que Eve va pour la premi\u00e8re fois m\u2019exprimer assez clairement sa col\u00e8re&nbsp;: d\u00e8s son arriv\u00e9e, elle fait la t\u00eate, elle me regarde tristement.<\/p>\n\n\n\n<p>Moi&nbsp;: \u00ab&nbsp;<em>Je suis d\u00e9sol\u00e9e pour la derni\u00e8re fois<\/em>&nbsp;\u00bb.<\/p>\n\n\n\n<p>Eve&nbsp;: \u00ab&nbsp;<em>\u00c7a va mal&nbsp;! J\u2019ai vu ma m\u00e8re. Elle m\u2019a dit \u00ab&nbsp;assieds-toi l\u00e0&nbsp;\u00bb, puis a regard\u00e9 la t\u00e9l\u00e9 et je n\u2019ai rien dit\u2026 j\u2019ai eu l\u2019impression de compter pour rien<\/em>&nbsp;\u00bb.<\/p>\n\n\n\n<p>Puis pendant une grosse partie de la s\u00e9ance, Eve pleure, sanglote m\u00eame en se plaignant de sa m\u00e8re et de son indiff\u00e9rence tout en disant qu\u2019elle n\u2019arrive pas \u00e0 lui dire ce qu\u2019elle ressent. C\u2019est un moment difficile.<\/p>\n\n\n\n<p>Moi&nbsp;: \u00ab&nbsp;<em>Vous avez peut-\u00eatre \u00e9t\u00e9 en col\u00e8re contre moi aussi, car je n\u2019ai pas pu venir la semaine derni\u00e8re&nbsp;?<\/em>&nbsp;\u00bb.<\/p>\n\n\n\n<p>Eve&nbsp;: \u00ab&nbsp;<em>Vous c\u2019est pas pareil, vous \u00e9tiez malade, mais \u00e7a tombait mal<\/em>&nbsp;\u00bb.<\/p>\n\n\n\n<p>Elle dit presque qu\u2019elle m\u2019en veut d\u2019avoir \u00e9t\u00e9 absente. \u00c0 la diff\u00e9rence de sa m\u00e8re \u00e0 laquelle \u00ab&nbsp;elle ne peut rien dire&nbsp;\u00bb, je suis probablement v\u00e9cue comme suffisamment solide pour supporter son ressenti n\u00e9gatif. Cependant, en partant, elle m\u2019informe qu\u2019elle va rester dans la salle d\u2019attente pour r\u00e9cup\u00e9rer un peu. A-t-elle besoin de v\u00e9rifier lorsque je viendrais chercher le patient suivant que son agressivit\u00e9 ne m\u2019a pas tu\u00e9e&nbsp;?<\/p>\n\n\n\n<p>Je la laisse l\u00e0, avec un ressenti de forte culpabilit\u00e9. Je m\u2019en servirai pour mesurer moi aussi tout l\u2019enjeu de ces s\u00e9parations, ne pas rater les occasions de l\u2019aider \u00e0 \u00e9laborer ces ruptures et essayer de comprendre avec elle, \u00e0 quel \u00e9v\u00e8nement insurmontable elles peuvent la renvoyer.<\/p>\n\n\n\n<h2 class=\"wp-block-heading\">Veille des grandes vacances<\/h2>\n\n\n\n<p>Eve est tr\u00e8s en avance, plus d\u2019une heure, elle a un visage ferm\u00e9. Elle exprime sa tristesse \u00e0 cause de la s\u00e9paration des vacances, quatre semaines. Pendant cette s\u00e9ance, Eve pleure beaucoup. Avant son d\u00e9part, je lui rappelle qu\u2019on se retrouvera apr\u00e8s les vacances, que c\u2019est une s\u00e9paration provisoire et que nous pourrons nous imaginer mutuellement sur nos lieux de vacances.<\/p>\n\n\n\n<p>\u00c0 la rentr\u00e9e, Eve va passer une p\u00e9riode difficile, elle pleure beaucoup pendant les s\u00e9ances et se mutile \u00e0 nouveau. Elle r\u00e9ussit \u00e0 m\u2019inqui\u00e9ter, comme elle voudrait inqui\u00e9ter sa m\u00e8re, preuve qu\u2019elle existe pour elle. Mais elle continue ses visites dans le centre pour diab\u00e9tiques et s\u2019accroche \u00e0 ses s\u00e9ances. Puis la situation s\u2019am\u00e9liore apr\u00e8s les vacances de la Toussaint quand elle peut \u00e0 nouveau mettre des mots sur ce qu\u2019elle ressent lors de ces s\u00e9parations.<\/p>\n\n\n\n<p>Eve&nbsp;: \u00ab&nbsp;<em>C\u2019\u00e9tait dur sans vous, vous m\u2019avez manqu\u00e9\u2026 Avec vous, je me sens prot\u00e9g\u00e9e comme avec une m\u00e8re, quand vous n\u2019\u00eates pas l\u00e0 c\u2019est dur<\/em>&nbsp;\u00bb, elle pleure. Eve interpr\u00e8te le transfert, elle comprend ce que je repr\u00e9sente pour elle \u00e0 certains moments de notre travail. Elle m\u2019explique qu\u2019elle a achet\u00e9 un petit chauffage \u00e9lectrique car l\u2019ancien ne marche plus, mais qu\u2019elle veut encore le garder. Je souligne sa difficult\u00e9 \u00e0 se s\u00e9parer de cet objet familier. Et j\u2019imagine deux hypoth\u00e8ses&nbsp;: soit elle le garde, car elle veut conserver un mauvais objet. Soit, elle s\u2019oppose \u00e0 la parole maternelle \u00e9voqu\u00e9e plus haut qui lui ordonne \u00ab&nbsp;<em>d\u2019oublier les choses<\/em>&nbsp;\u00bb&nbsp;?<\/p>\n\n\n\n<p>Par ailleurs, je r\u00e9alise que depuis le d\u00e9but, j\u2019\u00e9vite de penser que l\u2019on pourrait ne plus se revoir apr\u00e8s une s\u00e9paration, qu\u2019il n\u2019y a jamais de certitude. Trop prise dans l\u2019angoisse de s\u00e9paration d\u2019Eve, cette pens\u00e9e m\u2019\u00e9tait aussi impossible \u00e0 moi. La s\u00e9ance suivante me donne l\u2019occasion de revenir sur ce point.<\/p>\n\n\n\n<h2 class=\"wp-block-heading\">S\u00e9ance suivante&nbsp;:<\/h2>\n\n\n\n<p>Je demande \u00e0 Eve comment elle se sent, comme elle r\u00e9pond \u00ab&nbsp;<em>\u00c7a va<\/em>&nbsp;\u00bb, j\u2019insiste un peu.<\/p>\n\n\n\n<p>Eve&nbsp;: \u00ab&nbsp;<em>Quand je parle, je ne sens plus mon corps<\/em>&nbsp;\u00bb.<\/p>\n\n\n\n<p>Elle met en sc\u00e8ne un clivage entre la parole et la sensation.<\/p>\n\n\n\n<p>Eve&nbsp;: \u00ab&nbsp;<em>J\u2019ai t\u00e9l\u00e9phon\u00e9 \u00e0 ma m\u00e8re, \u00e7a m\u2019a fait du mal\u2026 Je ne sais pas pourquoi je l\u2019ai appel\u00e9e\u2026 Il faut que je coupe le cordon avec elle\u2026 Je vais jeter le chauffage \u00e9lectrique.<\/em>&nbsp;\u00bb<\/p>\n\n\n\n<p>Eve fait des liens entre se s\u00e9parer d\u2019un objet et de ses objets int\u00e9rieurs, et cela dans la continuit\u00e9 des trois s\u00e9ances pr\u00e9c\u00e9dentes. On retrouve son besoin de s\u2019appuyer sur la r\u00e9alit\u00e9 pour penser. Cela confirme l\u2019importance du dispositif de la Psychoth\u00e9rapie Psychanalytique Corporelle (PPC) dans lequel \u00ab&nbsp;le divan (\u2026) sert d\u2019indice r\u00e9el et m\u00e9taphorique du pare-excitation maternel dans sa fonction de porter et de toucher (\u2026). Il repr\u00e9sente aussi la fonction d\u2019\u00e9tayage du th\u00e9rapeute. On peut dire qu\u2019en Psychoth\u00e9rapie Psychanalytique Corporelle, le divan est un v\u00e9ritable op\u00e9rateur des transformations, v\u00e9ritable instrument du travail analytique&nbsp;\u00bb<sup>4<\/sup>.<\/p>\n\n\n\n<p>Moi&nbsp;: \u00ab&nbsp;<em>Et vous avez ressenti quoi&nbsp;?<\/em>&nbsp;\u00bb<\/p>\n\n\n\n<p>Eve&nbsp;: \u00ab&nbsp;<em>Un petit pincement, comme si je l\u2019abandonnais.<\/em>&nbsp;\u00bb<\/p>\n\n\n\n<p>Moi&nbsp;: \u00ab&nbsp;<em>Comme une situation que vous avez connue&nbsp;?<\/em>&nbsp;\u00bb<\/p>\n\n\n\n<p>Eve&nbsp;: \u00ab&nbsp;<em>Quand ma m\u00e8re me laissait chez sa m\u00e8re\u2026 J\u2019\u00e9tais mal. Hier, j\u2019ai pleur\u00e9 mis\u00e8re\u2026 J\u2019ai \u00e9cout\u00e9 un CD que j\u2019ai offert \u00e0 Madame A avant son d\u00e9part et j\u2019ai pleur\u00e9, j\u2019ai demand\u00e9 de l\u2019aide \u00e0 Dieu.<\/em>&nbsp;\u00bb<\/p>\n\n\n\n<p>Moi&nbsp;: \u00ab&nbsp;<em>Vous \u00e9tiez triste, Madame A vous manquait.<\/em>&nbsp;\u00bb<\/p>\n\n\n\n<p>Eve me regarde, elle a les larmes aux yeux mais elle ne sanglote pas comme par le pass\u00e9 en \u00e9voquant la perte, elle peut \u00eatre dans un processus de deuil sans s\u2019effondrer.<\/p>\n\n\n\n<p>Moi&nbsp;: \u00ab&nbsp;<em>Cela va bient\u00f4t faire un an que Madame A. a pris sa retraite. Cette p\u00e9riode vous renvoie peut-\u00eatre \u00e0 cette s\u00e9paration.<\/em>&nbsp;\u00bb<\/p>\n\n\n\n<p>Eve&nbsp;: \u00ab&nbsp;<em>Vous travaillez au centre un seul jour par semaine. Madame A., elle c\u2019\u00e9tait deux fois et je pouvais l\u2019appeler et laisser un message \u00e0 la secr\u00e9taire.<\/em>&nbsp;\u00bb<\/p>\n\n\n\n<p>Moi&nbsp;: \u00ab&nbsp;<em>Pourquoi aviez-vous besoin d\u2019appeler&nbsp;?<\/em>&nbsp;\u00bb<\/p>\n\n\n\n<p>Eve&nbsp;: \u00ab&nbsp;<em>Je voulais savoir qu\u2019elle pensait \u00e0 moi&nbsp;\u00bb<\/em><\/p>\n\n\n\n<p>Moi&nbsp;: \u00ab&nbsp;<em>Vous pouvez appeler la secr\u00e9taire et elle me fera part de votre appel par mail. Mais ce n\u2019est pas parce que je ne vous vois pas que j\u2019oublie notre travail. Et vous&nbsp;?<\/em>&nbsp;\u00bb<\/p>\n\n\n\n<p>Je tente de montrer ainsi la possibilit\u00e9 d\u2019une int\u00e9riorisation de l\u2019objet.<\/p>\n\n\n\n<p>Eve&nbsp;: \u00ab&nbsp;<em>Moi si, je peux oublier, j\u2019ai un probl\u00e8me avec la permanence, je suis comme une girouette d\u00e9boussol\u00e9e.<\/em>&nbsp;\u00bb<\/p>\n\n\n\n<h2 class=\"wp-block-heading\">Ann\u00e9e suivante&nbsp;:<\/h2>\n\n\n\n<p>Au retour des vacances de fin d\u2019ann\u00e9e, Eve va bien mais elle fait un peu la t\u00eate. Elle dit que je lui ai \u00ab&nbsp;<em>trop manqu\u00e9<\/em>&nbsp;\u00bb.<\/p>\n\n\n\n<p>Elle prend donc conscience de ce \u00ab&nbsp;<em>trop<\/em>&nbsp;\u00bb.<\/p>\n\n\n\n<p>Je tente&nbsp;: \u00ab&nbsp;<em>vous \u00eates peut-\u00eatre \u00e0 la fois contente et en col\u00e8re&nbsp;?<\/em>&nbsp;\u00bb<\/p>\n\n\n\n<p>Eve&nbsp;: \u00ab&nbsp;<em>Je suis en col\u00e8re de me sentir d\u00e9pendante de vous. Peut-\u00eatre que j\u2019ai peur de penser aux absences sans souffrance&nbsp;? Comme je pensais \u00e0 vous, je vous ai dessin\u00e9 \u201cune pens\u00e9e\u201d (la fleur), lors d\u2019un atelier \u00e0 l\u2019H\u00f4pital de Jour&nbsp;\u00bb<\/em>. Un dessin comme objet transitionnel qu\u2019elle se fabrique, r\u00e9v\u00e9lant sa finesse dans le jeu de mots.<\/p>\n\n\n\n<p>Entre chaque vacance, elle se questionne sur ce qu\u2019elle pourrait faire pendant que je ne serai pas l\u00e0.<\/p>\n\n\n\n<h2 class=\"wp-block-heading\">Conclusion<\/h2>\n\n\n\n<p>Eve poursuit sa tentative d\u2019int\u00e9riorisation de l\u2019objet mais elle comprend son fonctionnement. La diminution de l\u2019angoisse peut nous faire penser qu\u2019elle se constitue peu \u00e0 peu un pare-excitation op\u00e9rant. En outre, sa capacit\u00e9 \u00e0 s\u2019occuper d\u2019elle semble t\u00e9moigner de la relance des auto-\u00e9rotismes. L\u2019enjeu pour Eve qui se vit comme une \u00ab&nbsp;girouette d\u00e9boussol\u00e9e&nbsp;\u00bb pourrait \u00eatre de se constituer une carte interne avec des objets fiables et stables tels les points cardinaux, d\u00e9fi de la construction du bon objet pour cette patiente m\u00e9lancolique. Son \u00e9volution est notable&nbsp;: elle demande \u00e0 changer de position, rester assise sur le divan, elle change de psychiatre pour consulter en ville, elle veut choisir, changement d\u2019h\u00e9patologue car elle veut un dialogue, elle ne veut plus n\u2019\u00eatre qu\u2019un corps que l\u2019on soigne.<\/p>\n\n\n\n<h2 class=\"wp-block-heading\">Notes bibliographiques<\/h2>\n\n\n\n<ol class=\"wp-block-list\"><li>Ce cas a d\u00e9j\u00e0 \u00e9t\u00e9 \u00e9voqu\u00e9 in <em>Psychanalyse et Psychose<\/em>, n\u00b0&nbsp;20, 2020 (Humeurs), Centre de Psychanalyse et de Psychoth\u00e9rapie Evelyne et Jean Kestemberg.<\/li><li>Dechaud-Ferbus Monique, <em>Cet autre divan, Psychanalyse de la m\u00e9moire du corps<\/em>, PUF, Le Fil Rouge, 2011, p.&nbsp;188.<\/li><li><em>Ibid.<\/em>, p.&nbsp;65.<\/li><li><em>Ibid.<\/em>, p.&nbsp;101.<\/li><\/ol>\n<div class=\"pdfprnt-buttons pdfprnt-buttons-post pdfprnt-bottom-right\"><a href=\"http:\/\/cp.1642.studio\/gj118060-ovh\/wp-json\/wp\/v2\/posts\/10614?print=pdf\" class=\"pdfprnt-button pdfprnt-button-pdf\" target=\"_blank\"><\/a><\/div>","protected":false},"excerpt":{"rendered":"<p>La rencontre Je re\u00e7ois Eve pour la premi\u00e8re fois pour poursuivre un travail de Psychoth\u00e9rapie Psychanalytique Corporelle qu\u2019elle faisait depuis cinq ans avec sa psychanalyste partie \u00e0 la retraite&nbsp;; je suis inqui\u00e8te car les pr\u00e9c\u00e9dents changements l\u2019ont amen\u00e9e \u00e0 \u00eatre&#8230;<\/p>\n","protected":false},"author":2,"featured_media":0,"comment_status":"open","ping_status":"open","sticky":false,"template":"","format":"standard","meta":{"footnotes":""},"rubrique":[1225,1214],"thematique":[217,418],"auteur":[1486],"dossier":[469],"mode":[60],"revue":[470],"type_article":[452],"check":[2023],"class_list":["post-10614","post","type-post","status-publish","format-standard","hentry","rubrique-dispositif","rubrique-psychanalyse","thematique-psychotherapie","thematique-transfert","auteur-stephanie-azoulay","dossier-la-psychotherapie-psychanalytique-corporelle","mode-payant","revue-470","type_article-dossier","check-ok"],"acf":[],"_links":{"self":[{"href":"http:\/\/cp.1642.studio\/gj118060-ovh\/wp-json\/wp\/v2\/posts\/10614","targetHints":{"allow":["GET"]}}],"collection":[{"href":"http:\/\/cp.1642.studio\/gj118060-ovh\/wp-json\/wp\/v2\/posts"}],"about":[{"href":"http:\/\/cp.1642.studio\/gj118060-ovh\/wp-json\/wp\/v2\/types\/post"}],"author":[{"embeddable":true,"href":"http:\/\/cp.1642.studio\/gj118060-ovh\/wp-json\/wp\/v2\/users\/2"}],"replies":[{"embeddable":true,"href":"http:\/\/cp.1642.studio\/gj118060-ovh\/wp-json\/wp\/v2\/comments?post=10614"}],"version-history":[{"count":1,"href":"http:\/\/cp.1642.studio\/gj118060-ovh\/wp-json\/wp\/v2\/posts\/10614\/revisions"}],"predecessor-version":[{"id":13346,"href":"http:\/\/cp.1642.studio\/gj118060-ovh\/wp-json\/wp\/v2\/posts\/10614\/revisions\/13346"}],"wp:attachment":[{"href":"http:\/\/cp.1642.studio\/gj118060-ovh\/wp-json\/wp\/v2\/media?parent=10614"}],"wp:term":[{"taxonomy":"rubrique","embeddable":true,"href":"http:\/\/cp.1642.studio\/gj118060-ovh\/wp-json\/wp\/v2\/rubrique?post=10614"},{"taxonomy":"thematique","embeddable":true,"href":"http:\/\/cp.1642.studio\/gj118060-ovh\/wp-json\/wp\/v2\/thematique?post=10614"},{"taxonomy":"auteur","embeddable":true,"href":"http:\/\/cp.1642.studio\/gj118060-ovh\/wp-json\/wp\/v2\/auteur?post=10614"},{"taxonomy":"dossier","embeddable":true,"href":"http:\/\/cp.1642.studio\/gj118060-ovh\/wp-json\/wp\/v2\/dossier?post=10614"},{"taxonomy":"mode","embeddable":true,"href":"http:\/\/cp.1642.studio\/gj118060-ovh\/wp-json\/wp\/v2\/mode?post=10614"},{"taxonomy":"revue","embeddable":true,"href":"http:\/\/cp.1642.studio\/gj118060-ovh\/wp-json\/wp\/v2\/revue?post=10614"},{"taxonomy":"type_article","embeddable":true,"href":"http:\/\/cp.1642.studio\/gj118060-ovh\/wp-json\/wp\/v2\/type_article?post=10614"},{"taxonomy":"check","embeddable":true,"href":"http:\/\/cp.1642.studio\/gj118060-ovh\/wp-json\/wp\/v2\/check?post=10614"}],"curies":[{"name":"wp","href":"https:\/\/api.w.org\/{rel}","templated":true}]}}